{"id":9051,"date":"2025-12-13T20:56:16","date_gmt":"2025-12-13T19:56:16","guid":{"rendered":"https:\/\/fckl.de\/?p=9051"},"modified":"2025-12-14T16:56:58","modified_gmt":"2025-12-14T15:56:58","slug":"fob-2025","status":"publish","type":"post","link":"https:\/\/fckl.de\/?p=9051","title":{"rendered":"Erfolgreiche Teilnahme am FOB 2025"},"content":{"rendered":"\n<p><strong>3. Platz in der Clubwertung sowie 2. Platz f\u00fcr Richard Kleinhans beim Einzelwettbewerb.<\/strong><\/p>\n\n\n\n<p>Erneut gelingt dem Fotoclub Kisslegg-Leutkirch ein gutes Ergebnis beim &#8222;Fototag Oberschwaben Bodensee\u201c, in diesem Jahr ausgerichtet von den Fotofreunden Riedlingen e.V.. <\/p>\n\n\n\n<p><br>Mit dem Beitrag &#8222;Freude am Leben&#8220;  (Titelbild) erreicht Richard Kleinhans den zweiten Platz in der Einzelwertung. <\/p>\n\n\n\n<p>Im Vereinswettbewerb mit dem Thema &#8222;Tempo&#8220; konnte sich der Fotoclub in diesem Jahr \u00fcber einen dritten Platz freuen. \u00dcber den ersten Platz freute sich der VHS Fotokreis Biberach, den zweiten Platz belegte der Fotoclub Uhldingen e.V. <br><br>Unsere Beitr\u00e4ge zum FOB 2025, aufgenommen von Christoph Dorsch, Anton Pf\u00e4nder, Richard Kleinhans, Claus Liewerkus, Alwin St\u00fctzenberger, Thomas Wagner, Franz Weber: <\/p>\n\n\nngg_shortcode_0_placeholder\n\n\n\n<p><br><\/p>\n\n\n\n<figure class=\"wp-block-image size-large\"><img loading=\"lazy\" decoding=\"async\" width=\"1024\" height=\"482\" src=\"https:\/\/fckl.de\/wp-content\/uploads\/2025\/12\/Artikel_Zeitung_FOB2025-1-1024x482.jpg\" alt=\"\" class=\"wp-image-9055\" srcset=\"https:\/\/fckl.de\/wp-content\/uploads\/2025\/12\/Artikel_Zeitung_FOB2025-1-1024x482.jpg 1024w, https:\/\/fckl.de\/wp-content\/uploads\/2025\/12\/Artikel_Zeitung_FOB2025-1-300x141.jpg 300w, https:\/\/fckl.de\/wp-content\/uploads\/2025\/12\/Artikel_Zeitung_FOB2025-1-768x361.jpg 768w, https:\/\/fckl.de\/wp-content\/uploads\/2025\/12\/Artikel_Zeitung_FOB2025-1-1536x723.jpg 1536w, https:\/\/fckl.de\/wp-content\/uploads\/2025\/12\/Artikel_Zeitung_FOB2025-1.jpg 1993w\" sizes=\"auto, (max-width: 1024px) 100vw, 1024px\" \/><figcaption class=\"wp-element-caption\">Aus der schw\u00e4bischen Zeitung, 01.12.2025<\/figcaption><\/figure>\n\n\n\n<p><\/p>\n\n\n\n<p>Herzlichen Gl\u00fcckwunsch an alle Teilnehmer und Gewinner! <\/p>\n","protected":false},"excerpt":{"rendered":"<p>3. Platz in der Clubwertung sowie 2. Platz f\u00fcr Richard Kleinhans beim Einzelwettbewerb. Erneut gelingt dem Fotoclub Kisslegg-Leutkirch ein gutes Ergebnis beim &#8222;Fototag Oberschwaben Bodensee\u201c, in diesem Jahr ausgerichtet von&hellip;<\/p>\n","protected":false},"author":42,"featured_media":9057,"comment_status":"closed","ping_status":"closed","sticky":false,"template":"","format":"standard","meta":{"_eb_attr":"","ngg_post_thumbnail":0,"footnotes":""},"categories":[74,1,78],"tags":[],"class_list":["post-9051","post","type-post","status-publish","format-standard","has-post-thumbnail","hentry","category-fob","category-uncategorized","category-wettbewerbe"],"_links":{"self":[{"href":"https:\/\/fckl.de\/index.php?rest_route=\/wp\/v2\/posts\/9051","targetHints":{"allow":["GET"]}}],"collection":[{"href":"https:\/\/fckl.de\/index.php?rest_route=\/wp\/v2\/posts"}],"about":[{"href":"https:\/\/fckl.de\/index.php?rest_route=\/wp\/v2\/types\/post"}],"author":[{"embeddable":true,"href":"https:\/\/fckl.de\/index.php?rest_route=\/wp\/v2\/users\/42"}],"replies":[{"embeddable":true,"href":"https:\/\/fckl.de\/index.php?rest_route=%2Fwp%2Fv2%2Fcomments&post=9051"}],"version-history":[{"count":7,"href":"https:\/\/fckl.de\/index.php?rest_route=\/wp\/v2\/posts\/9051\/revisions"}],"predecessor-version":[{"id":9078,"href":"https:\/\/fckl.de\/index.php?rest_route=\/wp\/v2\/posts\/9051\/revisions\/9078"}],"wp:featuredmedia":[{"embeddable":true,"href":"https:\/\/fckl.de\/index.php?rest_route=\/wp\/v2\/media\/9057"}],"wp:attachment":[{"href":"https:\/\/fckl.de\/index.php?rest_route=%2Fwp%2Fv2%2Fmedia&parent=9051"}],"wp:term":[{"taxonomy":"category","embeddable":true,"href":"https:\/\/fckl.de\/index.php?rest_route=%2Fwp%2Fv2%2Fcategories&post=9051"},{"taxonomy":"post_tag","embeddable":true,"href":"https:\/\/fckl.de\/index.php?rest_route=%2Fwp%2Fv2%2Ftags&post=9051"}],"curies":[{"name":"wp","href":"https:\/\/api.w.org\/{rel}","templated":true}]}}